{"id":4475,"date":"2018-05-06T09:47:44","date_gmt":"2018-05-06T07:47:44","guid":{"rendered":"http:\/\/www.vfl-badschwartau-tt.de\/?p=4475"},"modified":"2018-05-06T09:48:10","modified_gmt":"2018-05-06T07:48:10","slug":"vfl-iii-gewinnt-kreisvorgabepokal","status":"publish","type":"post","link":"https:\/\/www.vfl-badschwartau-tt.de\/?p=4475","title":{"rendered":"VfL III gewinnt Kreisvorgabepokal"},"content":{"rendered":"<p style=\"text-align: justify;\">Der VfL III gewinnt den diesj\u00c3\u00a4hrigen Kreisvorgabepokal! Bei dem mit Vorgabe ausgetragenem Wettbewerb setzte sich die 3.Herren im Finale mit 4:2 gegen ATSV II durch&#8230; Vergangene Woche wurde bereits mit dem zweiten Platz in der 1.Kreisklasse hinter dem VfB L\u00c3\u00bcbeck IV das Aufstiegsrecht f\u00c3\u00bcr die Kreisliga L\u00c3\u00bcbeck\/Lauenburg erspielt. Gl\u00c3\u00bcckwunsch zu dem &#8222;Double&#8220;, Jungs! <span class=\"_5mfr _47e3\"><img decoding=\"async\" class=\"img\" role=\"presentation\" src=\"https:\/\/static.xx.fbcdn.net\/images\/emoji.php\/v9\/f83\/1\/16\/1f60e.png\" alt=\"\" width=\"16\" height=\"16\" \/><span class=\"_7oe\">\u00f0\u0178\u02dc\u017d<\/span><\/span><span class=\"_5mfr _47e3\"><img decoding=\"async\" class=\"img\" role=\"presentation\" src=\"https:\/\/static.xx.fbcdn.net\/images\/emoji.php\/v9\/fda\/1\/16\/1f3d3.png\" alt=\"\" width=\"16\" height=\"16\" \/><span class=\"_7oe\">\u00f0\u0178\u008f\u201c<\/span><\/span><\/p>\n<p style=\"text-align: justify;\">(v.l.n.r.: Achim, Knud, Ingo und Sven)<\/p>\n<p><a href=\"http:\/\/www.vfl-badschwartau-tt.de\/wp-content\/uploads\/2018\/05\/Kreispokal-2o18.jpg\" rel=\"lightbox[4475]\" rel=\"attachment wp-att-4476\"><img fetchpriority=\"high\" decoding=\"async\" class=\"alignnone wp-image-4476 size-medium\" src=\"http:\/\/www.vfl-badschwartau-tt.de\/wp-content\/uploads\/2018\/05\/Kreispokal-2o18-300x169.jpg\" alt=\"\" width=\"300\" height=\"169\" srcset=\"https:\/\/www.vfl-badschwartau-tt.de\/wp-content\/uploads\/2018\/05\/Kreispokal-2o18-300x169.jpg 300w, https:\/\/www.vfl-badschwartau-tt.de\/wp-content\/uploads\/2018\/05\/Kreispokal-2o18-768x432.jpg 768w, https:\/\/www.vfl-badschwartau-tt.de\/wp-content\/uploads\/2018\/05\/Kreispokal-2o18-1024x576.jpg 1024w, https:\/\/www.vfl-badschwartau-tt.de\/wp-content\/uploads\/2018\/05\/Kreispokal-2o18.jpg 1200w\" sizes=\"(max-width: 300px) 100vw, 300px\" \/><\/a><\/p>\n","protected":false},"excerpt":{"rendered":"<p>Der VfL III gewinnt den diesj\u00c3\u00a4hrigen Kreisvorgabepokal! Bei dem mit Vorgabe ausgetragenem Wettbewerb setzte sich die 3.Herren im Finale mit 4:2 gegen ATSV II durch&#8230; Vergangene Woche wurde bereits mit dem zweiten Platz in der 1.Kreisklasse hinter dem VfB L\u00c3\u00bcbeck IV das Aufstiegsrecht f\u00c3\u00bcr die Kreisliga L\u00c3\u00bcbeck\/Lauenburg erspielt. Gl\u00c3\u00bcckwunsch zu dem &#8222;Double&#8220;, Jungs! \u00f0\u0178\u02dc\u017d\u00f0\u0178\u008f\u201c (v.l.n.r.: Achim, Knud, Ingo und Sven)<\/p>\n","protected":false},"author":113,"featured_media":0,"comment_status":"open","ping_status":"closed","sticky":false,"template":"","format":"standard","meta":{"footnotes":""},"categories":[7,1],"tags":[],"class_list":["post-4475","post","type-post","status-publish","format-standard","hentry","category-3-erwachsene","category-allgemein"],"_links":{"self":[{"href":"https:\/\/www.vfl-badschwartau-tt.de\/index.php?rest_route=\/wp\/v2\/posts\/4475","targetHints":{"allow":["GET"]}}],"collection":[{"href":"https:\/\/www.vfl-badschwartau-tt.de\/index.php?rest_route=\/wp\/v2\/posts"}],"about":[{"href":"https:\/\/www.vfl-badschwartau-tt.de\/index.php?rest_route=\/wp\/v2\/types\/post"}],"author":[{"embeddable":true,"href":"https:\/\/www.vfl-badschwartau-tt.de\/index.php?rest_route=\/wp\/v2\/users\/113"}],"replies":[{"embeddable":true,"href":"https:\/\/www.vfl-badschwartau-tt.de\/index.php?rest_route=%2Fwp%2Fv2%2Fcomments&post=4475"}],"version-history":[{"count":2,"href":"https:\/\/www.vfl-badschwartau-tt.de\/index.php?rest_route=\/wp\/v2\/posts\/4475\/revisions"}],"predecessor-version":[{"id":4478,"href":"https:\/\/www.vfl-badschwartau-tt.de\/index.php?rest_route=\/wp\/v2\/posts\/4475\/revisions\/4478"}],"wp:attachment":[{"href":"https:\/\/www.vfl-badschwartau-tt.de\/index.php?rest_route=%2Fwp%2Fv2%2Fmedia&parent=4475"}],"wp:term":[{"taxonomy":"category","embeddable":true,"href":"https:\/\/www.vfl-badschwartau-tt.de\/index.php?rest_route=%2Fwp%2Fv2%2Fcategories&post=4475"},{"taxonomy":"post_tag","embeddable":true,"href":"https:\/\/www.vfl-badschwartau-tt.de\/index.php?rest_route=%2Fwp%2Fv2%2Ftags&post=4475"}],"curies":[{"name":"wp","href":"https:\/\/api.w.org\/{rel}","templated":true}]}}