{"id":4495,"date":"2018-06-18T16:21:43","date_gmt":"2018-06-18T14:21:43","guid":{"rendered":"http:\/\/www.vfl-badschwartau-tt.de\/?p=4495"},"modified":"2018-06-20T17:41:45","modified_gmt":"2018-06-20T15:41:45","slug":"vereinsmeisterschaften-und-sommerfest-2","status":"publish","type":"post","link":"https:\/\/www.vfl-badschwartau-tt.de\/?p=4495","title":{"rendered":"Vereinsmeisterschaften und Sommerfest"},"content":{"rendered":"<p><strong>Einzel:<\/strong><\/p>\n<p>Um es kurz zu machen: Der &#8222;Alte&#8220; ist der &#8222;Neue&#8220;. Favorit Marc setzte sich im A-Finale gegen Teammitglied Jens mit 3:2 durch. Platz 3 ging an Christian.<\/p>\n<p>Im B-Feld gewann das dritte Mal in Folge Werner. Zweiter wurde Patrick, Platz 3 ging an Martin.<\/p>\n<p>Beim anschlie\u00c3\u0178enden Sommerfest wurde die Siegerehrung vorgenommen. Dabei wurde auch Christian die silberne Vereinsnadel f\u00c3\u00bcr seinen sportlichen Einsatz f\u00c3\u00bcr die TT-Abteilung und seinen stets vorbildlichen Sportgeist \u00c3\u00bcberreicht. Anschlie\u00c3\u0178end wurde\u00c2\u00a0bis tief in die Nacht im Sausack gefeiert.<\/p>\n<p><strong>Doppel:<\/strong><\/p>\n<p>Im Doppel erspielten sich Armin\/Dominik \u00c3\u00bcberraschend den VM-Titel. Zweiter wurden Werner\/Harm vor Rainer\/Thilo.<\/p>\n<p><a href=\"http:\/\/www.vfl-badschwartau-tt.de\/wp-content\/uploads\/2018\/06\/WhatsApp-Image-2018-06-20-at-17.37.54-e1529509225178.jpeg\" rel=\"lightbox[4495]\"><img fetchpriority=\"high\" decoding=\"async\" class=\"alignnone size-medium wp-image-4509\" src=\"http:\/\/www.vfl-badschwartau-tt.de\/wp-content\/uploads\/2018\/06\/WhatsApp-Image-2018-06-20-at-17.37.54-e1529509225178-300x183.jpeg\" alt=\"\" width=\"300\" height=\"183\" srcset=\"https:\/\/www.vfl-badschwartau-tt.de\/wp-content\/uploads\/2018\/06\/WhatsApp-Image-2018-06-20-at-17.37.54-e1529509225178-300x183.jpeg 300w, https:\/\/www.vfl-badschwartau-tt.de\/wp-content\/uploads\/2018\/06\/WhatsApp-Image-2018-06-20-at-17.37.54-e1529509225178-768x470.jpeg 768w, https:\/\/www.vfl-badschwartau-tt.de\/wp-content\/uploads\/2018\/06\/WhatsApp-Image-2018-06-20-at-17.37.54-e1529509225178.jpeg 968w\" sizes=\"(max-width: 300px) 100vw, 300px\" \/><\/a><\/p>\n<p><span style=\"display: inline !important; float: none; background-color: transparent; color: #111111; cursor: text; font-family: 'Arimo',Verdana,Arial; font-size: 15.2px; font-style: normal; font-variant: normal; font-weight: 400; letter-spacing: normal; orphans: 2; text-align: left; text-decoration: none; text-indent: 0px; text-transform: none; -webkit-text-stroke-width: 0px; white-space: normal; word-spacing: 0px;\">Gru\u00c3\u0178<\/span> Thilo<\/p>\n\n\t\t<style type=\"text\/css\">\n\t\t\t#gallery-1 {\n\t\t\t\tmargin: auto;\n\t\t\t}\n\t\t\t#gallery-1 .gallery-item {\n\t\t\t\tfloat: left;\n\t\t\t\tmargin-top: 10px;\n\t\t\t\ttext-align: center;\n\t\t\t\twidth: 33%;\n\t\t\t}\n\t\t\t#gallery-1 img {\n\t\t\t\tborder: 2px solid #cfcfcf;\n\t\t\t}\n\t\t\t#gallery-1 .gallery-caption {\n\t\t\t\tmargin-left: 0;\n\t\t\t}\n\t\t\t\/* see gallery_shortcode() in wp-includes\/media.php *\/\n\t\t<\/style>\n\t\t<div id='gallery-1' class='gallery galleryid-4495 gallery-columns-3 gallery-size-thumbnail'><dl class='gallery-item'>\n\t\t\t<dt class='gallery-icon landscape'>\n\t\t\t\t<a href='https:\/\/www.vfl-badschwartau-tt.de\/wp-content\/uploads\/2018\/06\/CIMG4878-e1529508499420.jpeg' rel=\"lightbox[4495]\"><img decoding=\"async\" width=\"150\" height=\"150\" src=\"https:\/\/www.vfl-badschwartau-tt.de\/wp-content\/uploads\/2018\/06\/CIMG4878-150x150.jpeg\" class=\"attachment-thumbnail size-thumbnail\" alt=\"\" srcset=\"https:\/\/www.vfl-badschwartau-tt.de\/wp-content\/uploads\/2018\/06\/CIMG4878-150x150.jpeg 150w, https:\/\/www.vfl-badschwartau-tt.de\/wp-content\/uploads\/2018\/06\/CIMG4878-90x90.jpeg 90w, https:\/\/www.vfl-badschwartau-tt.de\/wp-content\/uploads\/2018\/06\/CIMG4878-75x75.jpeg 75w\" sizes=\"(max-width: 150px) 100vw, 150px\" \/><\/a>\n\t\t\t<\/dt><\/dl><dl class='gallery-item'>\n\t\t\t<dt class='gallery-icon landscape'>\n\t\t\t\t<a href='https:\/\/www.vfl-badschwartau-tt.de\/wp-content\/uploads\/2018\/06\/photo_2018-06-18_16-16-25-e1529508486407.jpg' rel=\"lightbox[4495]\"><img decoding=\"async\" width=\"150\" height=\"150\" src=\"https:\/\/www.vfl-badschwartau-tt.de\/wp-content\/uploads\/2018\/06\/photo_2018-06-18_16-16-25-150x150.jpg\" class=\"attachment-thumbnail size-thumbnail\" alt=\"\" srcset=\"https:\/\/www.vfl-badschwartau-tt.de\/wp-content\/uploads\/2018\/06\/photo_2018-06-18_16-16-25-150x150.jpg 150w, https:\/\/www.vfl-badschwartau-tt.de\/wp-content\/uploads\/2018\/06\/photo_2018-06-18_16-16-25-90x90.jpg 90w, https:\/\/www.vfl-badschwartau-tt.de\/wp-content\/uploads\/2018\/06\/photo_2018-06-18_16-16-25-75x75.jpg 75w\" sizes=\"(max-width: 150px) 100vw, 150px\" \/><\/a>\n\t\t\t<\/dt><\/dl><dl class='gallery-item'>\n\t\t\t<dt class='gallery-icon landscape'>\n\t\t\t\t<a href='https:\/\/www.vfl-badschwartau-tt.de\/wp-content\/uploads\/2018\/06\/photo_2018-06-18_16-16-27.jpg' rel=\"lightbox[4495]\"><img loading=\"lazy\" decoding=\"async\" width=\"150\" height=\"150\" src=\"https:\/\/www.vfl-badschwartau-tt.de\/wp-content\/uploads\/2018\/06\/photo_2018-06-18_16-16-27-150x150.jpg\" class=\"attachment-thumbnail size-thumbnail\" alt=\"\" srcset=\"https:\/\/www.vfl-badschwartau-tt.de\/wp-content\/uploads\/2018\/06\/photo_2018-06-18_16-16-27-150x150.jpg 150w, https:\/\/www.vfl-badschwartau-tt.de\/wp-content\/uploads\/2018\/06\/photo_2018-06-18_16-16-27-90x90.jpg 90w, https:\/\/www.vfl-badschwartau-tt.de\/wp-content\/uploads\/2018\/06\/photo_2018-06-18_16-16-27-75x75.jpg 75w\" sizes=\"(max-width: 150px) 100vw, 150px\" \/><\/a>\n\t\t\t<\/dt><\/dl><br style=\"clear: both\" \/><dl class='gallery-item'>\n\t\t\t<dt class='gallery-icon landscape'>\n\t\t\t\t<a href='https:\/\/www.vfl-badschwartau-tt.de\/wp-content\/uploads\/2018\/06\/photo_2018-06-18_16-16-42.jpg' rel=\"lightbox[4495]\"><img loading=\"lazy\" decoding=\"async\" width=\"150\" height=\"150\" src=\"https:\/\/www.vfl-badschwartau-tt.de\/wp-content\/uploads\/2018\/06\/photo_2018-06-18_16-16-42-150x150.jpg\" class=\"attachment-thumbnail size-thumbnail\" alt=\"\" srcset=\"https:\/\/www.vfl-badschwartau-tt.de\/wp-content\/uploads\/2018\/06\/photo_2018-06-18_16-16-42-150x150.jpg 150w, https:\/\/www.vfl-badschwartau-tt.de\/wp-content\/uploads\/2018\/06\/photo_2018-06-18_16-16-42-90x90.jpg 90w, https:\/\/www.vfl-badschwartau-tt.de\/wp-content\/uploads\/2018\/06\/photo_2018-06-18_16-16-42-75x75.jpg 75w\" sizes=\"(max-width: 150px) 100vw, 150px\" \/><\/a>\n\t\t\t<\/dt><\/dl><dl class='gallery-item'>\n\t\t\t<dt class='gallery-icon portrait'>\n\t\t\t\t<a href='https:\/\/www.vfl-badschwartau-tt.de\/wp-content\/uploads\/2018\/06\/WhatsApp-Image-2018-06-16-at-17.41.58-e1529508516232.jpeg' rel=\"lightbox[4495]\"><img loading=\"lazy\" decoding=\"async\" width=\"150\" height=\"150\" src=\"https:\/\/www.vfl-badschwartau-tt.de\/wp-content\/uploads\/2018\/06\/WhatsApp-Image-2018-06-16-at-17.41.58-150x150.jpeg\" class=\"attachment-thumbnail size-thumbnail\" alt=\"\" srcset=\"https:\/\/www.vfl-badschwartau-tt.de\/wp-content\/uploads\/2018\/06\/WhatsApp-Image-2018-06-16-at-17.41.58-150x150.jpeg 150w, https:\/\/www.vfl-badschwartau-tt.de\/wp-content\/uploads\/2018\/06\/WhatsApp-Image-2018-06-16-at-17.41.58-90x90.jpeg 90w, https:\/\/www.vfl-badschwartau-tt.de\/wp-content\/uploads\/2018\/06\/WhatsApp-Image-2018-06-16-at-17.41.58-75x75.jpeg 75w\" sizes=\"(max-width: 150px) 100vw, 150px\" \/><\/a>\n\t\t\t<\/dt><\/dl><dl class='gallery-item'>\n\t\t\t<dt class='gallery-icon landscape'>\n\t\t\t\t<a href='https:\/\/www.vfl-badschwartau-tt.de\/wp-content\/uploads\/2018\/06\/photo_2018-06-18_16-16-15-e1529331565360.jpg' rel=\"lightbox[4495]\"><img loading=\"lazy\" decoding=\"async\" width=\"150\" height=\"150\" src=\"https:\/\/www.vfl-badschwartau-tt.de\/wp-content\/uploads\/2018\/06\/photo_2018-06-18_16-16-15-e1529331565360-150x150.jpg\" class=\"attachment-thumbnail size-thumbnail\" alt=\"\" srcset=\"https:\/\/www.vfl-badschwartau-tt.de\/wp-content\/uploads\/2018\/06\/photo_2018-06-18_16-16-15-e1529331565360-150x150.jpg 150w, https:\/\/www.vfl-badschwartau-tt.de\/wp-content\/uploads\/2018\/06\/photo_2018-06-18_16-16-15-e1529331565360-90x90.jpg 90w, https:\/\/www.vfl-badschwartau-tt.de\/wp-content\/uploads\/2018\/06\/photo_2018-06-18_16-16-15-e1529331565360-75x75.jpg 75w\" sizes=\"(max-width: 150px) 100vw, 150px\" \/><\/a>\n\t\t\t<\/dt><\/dl><br style=\"clear: both\" \/><dl class='gallery-item'>\n\t\t\t<dt class='gallery-icon landscape'>\n\t\t\t\t<a href='https:\/\/www.vfl-badschwartau-tt.de\/wp-content\/uploads\/2018\/06\/IMG_2967.jpg' rel=\"lightbox[4495]\"><img loading=\"lazy\" decoding=\"async\" width=\"150\" height=\"150\" src=\"https:\/\/www.vfl-badschwartau-tt.de\/wp-content\/uploads\/2018\/06\/IMG_2967-150x150.jpg\" class=\"attachment-thumbnail size-thumbnail\" alt=\"\" srcset=\"https:\/\/www.vfl-badschwartau-tt.de\/wp-content\/uploads\/2018\/06\/IMG_2967-150x150.jpg 150w, https:\/\/www.vfl-badschwartau-tt.de\/wp-content\/uploads\/2018\/06\/IMG_2967-90x90.jpg 90w, https:\/\/www.vfl-badschwartau-tt.de\/wp-content\/uploads\/2018\/06\/IMG_2967-75x75.jpg 75w\" sizes=\"(max-width: 150px) 100vw, 150px\" \/><\/a>\n\t\t\t<\/dt><\/dl><dl class='gallery-item'>\n\t\t\t<dt class='gallery-icon landscape'>\n\t\t\t\t<a href='https:\/\/www.vfl-badschwartau-tt.de\/wp-content\/uploads\/2018\/06\/IMG_2968.jpg' rel=\"lightbox[4495]\"><img loading=\"lazy\" decoding=\"async\" width=\"150\" height=\"150\" src=\"https:\/\/www.vfl-badschwartau-tt.de\/wp-content\/uploads\/2018\/06\/IMG_2968-150x150.jpg\" class=\"attachment-thumbnail size-thumbnail\" alt=\"\" srcset=\"https:\/\/www.vfl-badschwartau-tt.de\/wp-content\/uploads\/2018\/06\/IMG_2968-150x150.jpg 150w, https:\/\/www.vfl-badschwartau-tt.de\/wp-content\/uploads\/2018\/06\/IMG_2968-90x90.jpg 90w, https:\/\/www.vfl-badschwartau-tt.de\/wp-content\/uploads\/2018\/06\/IMG_2968-75x75.jpg 75w\" sizes=\"(max-width: 150px) 100vw, 150px\" \/><\/a>\n\t\t\t<\/dt><\/dl><dl class='gallery-item'>\n\t\t\t<dt class='gallery-icon landscape'>\n\t\t\t\t<a href='https:\/\/www.vfl-badschwartau-tt.de\/wp-content\/uploads\/2018\/06\/IMG_2974-002.jpg' rel=\"lightbox[4495]\"><img loading=\"lazy\" decoding=\"async\" width=\"150\" height=\"150\" src=\"https:\/\/www.vfl-badschwartau-tt.de\/wp-content\/uploads\/2018\/06\/IMG_2974-002-150x150.jpg\" class=\"attachment-thumbnail size-thumbnail\" alt=\"\" srcset=\"https:\/\/www.vfl-badschwartau-tt.de\/wp-content\/uploads\/2018\/06\/IMG_2974-002-150x150.jpg 150w, https:\/\/www.vfl-badschwartau-tt.de\/wp-content\/uploads\/2018\/06\/IMG_2974-002-90x90.jpg 90w, https:\/\/www.vfl-badschwartau-tt.de\/wp-content\/uploads\/2018\/06\/IMG_2974-002-75x75.jpg 75w\" sizes=\"(max-width: 150px) 100vw, 150px\" \/><\/a>\n\t\t\t<\/dt><\/dl><br style=\"clear: both\" \/>\n\t\t<\/div>\n\n","protected":false},"excerpt":{"rendered":"<p>Einzel: Um es kurz zu machen: Der &#8222;Alte&#8220; ist der &#8222;Neue&#8220;. Favorit Marc setzte sich im A-Finale gegen Teammitglied Jens mit 3:2 durch. Platz 3 ging an Christian. Im B-Feld gewann das dritte Mal in Folge Werner. Zweiter wurde Patrick, Platz 3 ging an Martin. Beim anschlie\u00c3\u0178enden Sommerfest wurde die Siegerehrung vorgenommen. Dabei wurde auch Christian die silberne Vereinsnadel f\u00c3\u00bcr seinen sportlichen Einsatz f\u00c3\u00bcr die TT-Abteilung und seinen stets vorbildlichen<\/p>\n","protected":false},"author":113,"featured_media":0,"comment_status":"open","ping_status":"closed","sticky":false,"template":"","format":"standard","meta":{"footnotes":""},"categories":[39,17,1],"tags":[],"class_list":["post-4495","post","type-post","status-publish","format-standard","hentry","category-mannschaften","category-ranglisten-und-meisterschaften","category-allgemein"],"_links":{"self":[{"href":"https:\/\/www.vfl-badschwartau-tt.de\/index.php?rest_route=\/wp\/v2\/posts\/4495","targetHints":{"allow":["GET"]}}],"collection":[{"href":"https:\/\/www.vfl-badschwartau-tt.de\/index.php?rest_route=\/wp\/v2\/posts"}],"about":[{"href":"https:\/\/www.vfl-badschwartau-tt.de\/index.php?rest_route=\/wp\/v2\/types\/post"}],"author":[{"embeddable":true,"href":"https:\/\/www.vfl-badschwartau-tt.de\/index.php?rest_route=\/wp\/v2\/users\/113"}],"replies":[{"embeddable":true,"href":"https:\/\/www.vfl-badschwartau-tt.de\/index.php?rest_route=%2Fwp%2Fv2%2Fcomments&post=4495"}],"version-history":[{"count":7,"href":"https:\/\/www.vfl-badschwartau-tt.de\/index.php?rest_route=\/wp\/v2\/posts\/4495\/revisions"}],"predecessor-version":[{"id":4512,"href":"https:\/\/www.vfl-badschwartau-tt.de\/index.php?rest_route=\/wp\/v2\/posts\/4495\/revisions\/4512"}],"wp:attachment":[{"href":"https:\/\/www.vfl-badschwartau-tt.de\/index.php?rest_route=%2Fwp%2Fv2%2Fmedia&parent=4495"}],"wp:term":[{"taxonomy":"category","embeddable":true,"href":"https:\/\/www.vfl-badschwartau-tt.de\/index.php?rest_route=%2Fwp%2Fv2%2Fcategories&post=4495"},{"taxonomy":"post_tag","embeddable":true,"href":"https:\/\/www.vfl-badschwartau-tt.de\/index.php?rest_route=%2Fwp%2Fv2%2Ftags&post=4495"}],"curies":[{"name":"wp","href":"https:\/\/api.w.org\/{rel}","templated":true}]}}