{"id":4688,"date":"2019-09-06T17:15:56","date_gmt":"2019-09-06T15:15:56","guid":{"rendered":"http:\/\/www.vfl-badschwartau-tt.de\/?p=4688"},"modified":"2019-09-06T17:15:56","modified_gmt":"2019-09-06T15:15:56","slug":"vfl-i-starten-in-die-neue-saison","status":"publish","type":"post","link":"https:\/\/www.vfl-badschwartau-tt.de\/?p=4688","title":{"rendered":"VFL I starten in die neue Saison"},"content":{"rendered":"<p>Endlich geht es wieder los! Die Mannschaft ist leicht ver\u00c3\u00a4ndert und startet mit einer neuen Nummer 1, &#8222;Brocki&#8220;, und neuer Nr. 7, Niklas, in die Landesliga-Saison. Ansonsten wurden im Vergleich zur Vorsaison die Positionen ein wenig durcheinandergetauscht. Alle haben gut trainiert und haben Bock auf die bevorstehenden Aufgaben. Selbstverst\u00c3\u00a4ndlich wollen wir oben mitspielen und versuchen, den Abstieg vergessen zu lassen. Leicht wird das aber nicht, denn die Konkurrenz schl\u00c3\u00a4ft nicht.<br \/>\nFreuen w\u00c3\u00bcrde wir uns, wenn uns alle VFLer unterst\u00c3\u00bctzen und uns zu Siegen bei den Heim- oder Ausw\u00c3\u00a4rtsspielen peitschen. Da muss ich noch mal r\u00c3\u00bcckwirkend ein gro\u00c3\u0178es Dankesch\u00c3\u00b6n an unsere Ausw\u00c3\u00a4rtsfans der letzten Saison aussprechen.<br \/>\nHeute erwarten wir den TSV Quellenhaupt Bornh\u00c3\u00b6ved, der f\u00c3\u00bcr viele noch gut bekannt aus Bezirksligaduellen ist. Allerdings sind wir, bis auf Brocki und Niklas, alle ein wenig \u00c3\u00a4lter geworden&#8230;<br \/>\nAuf einen gelungenen Start und viel Erfolg allen Teams des VFL Bad Schwartaus.<br \/>\nLutz<\/p>\n","protected":false},"excerpt":{"rendered":"<p>Endlich geht es wieder los! Die Mannschaft ist leicht ver\u00c3\u00a4ndert und startet mit einer neuen Nummer 1, &#8222;Brocki&#8220;, und neuer Nr. 7, Niklas, in die Landesliga-Saison. Ansonsten wurden im Vergleich zur Vorsaison die Positionen ein wenig durcheinandergetauscht. Alle haben gut trainiert und haben Bock auf die bevorstehenden Aufgaben. Selbstverst\u00c3\u00a4ndlich wollen wir oben mitspielen und versuchen, den Abstieg vergessen zu lassen. Leicht wird das aber nicht, denn die Konkurrenz schl\u00c3\u00a4ft nicht.<\/p>\n","protected":false},"author":3,"featured_media":0,"comment_status":"open","ping_status":"closed","sticky":false,"template":"","format":"standard","meta":{"footnotes":""},"categories":[5,1],"tags":[],"class_list":["post-4688","post","type-post","status-publish","format-standard","hentry","category-01-erwachsene","category-allgemein"],"_links":{"self":[{"href":"https:\/\/www.vfl-badschwartau-tt.de\/index.php?rest_route=\/wp\/v2\/posts\/4688","targetHints":{"allow":["GET"]}}],"collection":[{"href":"https:\/\/www.vfl-badschwartau-tt.de\/index.php?rest_route=\/wp\/v2\/posts"}],"about":[{"href":"https:\/\/www.vfl-badschwartau-tt.de\/index.php?rest_route=\/wp\/v2\/types\/post"}],"author":[{"embeddable":true,"href":"https:\/\/www.vfl-badschwartau-tt.de\/index.php?rest_route=\/wp\/v2\/users\/3"}],"replies":[{"embeddable":true,"href":"https:\/\/www.vfl-badschwartau-tt.de\/index.php?rest_route=%2Fwp%2Fv2%2Fcomments&post=4688"}],"version-history":[{"count":2,"href":"https:\/\/www.vfl-badschwartau-tt.de\/index.php?rest_route=\/wp\/v2\/posts\/4688\/revisions"}],"predecessor-version":[{"id":4690,"href":"https:\/\/www.vfl-badschwartau-tt.de\/index.php?rest_route=\/wp\/v2\/posts\/4688\/revisions\/4690"}],"wp:attachment":[{"href":"https:\/\/www.vfl-badschwartau-tt.de\/index.php?rest_route=%2Fwp%2Fv2%2Fmedia&parent=4688"}],"wp:term":[{"taxonomy":"category","embeddable":true,"href":"https:\/\/www.vfl-badschwartau-tt.de\/index.php?rest_route=%2Fwp%2Fv2%2Fcategories&post=4688"},{"taxonomy":"post_tag","embeddable":true,"href":"https:\/\/www.vfl-badschwartau-tt.de\/index.php?rest_route=%2Fwp%2Fv2%2Ftags&post=4688"}],"curies":[{"name":"wp","href":"https:\/\/api.w.org\/{rel}","templated":true}]}}