{"id":5528,"date":"2022-11-30T18:43:41","date_gmt":"2022-11-30T17:43:41","guid":{"rendered":"https:\/\/www.vfl-badschwartau-tt.de\/?p=5528"},"modified":"2022-11-30T18:43:41","modified_gmt":"2022-11-30T17:43:41","slug":"herbstmeister","status":"publish","type":"post","link":"https:\/\/www.vfl-badschwartau-tt.de\/?p=5528","title":{"rendered":"Herbstmeister!"},"content":{"rendered":"<p>Die Vierte hat es gestern Abend geschafft, wir sind Herbstmeister.<\/p>\n<p>Es ging gegen den Viertletzten, Badendorf. Der Gegner musste stark ersatzgeschw\u00e4cht ohne Nummer 1 &amp; 2 antreten, was uns ganz stark in die Karten spielte. Wir mussten weiterhin auf Konstantin verzichten, daf\u00fcr sollte eigentlich Thomas spielen. Doch Thomas fiel krankheitsbedingt aus, sodass zum Gl\u00fcck Ingo in der Halle war und kurzfristig einsprang.<\/p>\n<p>Doppel dann wieder Knud mit Patrick und ich diesmal mit Ingo (schon mein 3. Doppelpartner diese Saison). 3:0 und knapp 2:3 (Ingo &amp; ich) hie\u00dfen die Ergebnisse. Also 1:1 nach Doppel.<\/p>\n<p>Dann verlor Knud sehr \u00fcberraschend in 4 S\u00e4tzen gegen Truberg, hatte ich eine sehr schwere Aufgabe vor der Brust mit Leinius (der im Doppel alles traf!). Ich hab wieder mein bekanntes R\u00fcckhandunterschnittspiel ausgepackt und wollte damit die Offensivpower von Leinius unterbinden. Was mir auch sehr gut gelang. Der Gegner kam mit meinen &#8222;klebrigen&#8220; Schnittb\u00e4llen \u00fcberhaupt nicht zurecht. Am Ende ein glattes 3:0 f\u00fcr mich. Damit war nicht zu rechnen. Patrick dann ohne Probleme gegen den Ersatzmann ebenfalls 3:0 (zu 4, 6, 5) und wir f\u00fchrten das erste Mal. Auch Ingo gab sich mit 3:0 gegen Graetsch keine Bl\u00f6\u00dfe und erh\u00f6hte auf 4:2. Das Break war da. Knud konnte seine Niederlage korrigieren und gewann gegen Leinius mit 3:1. Ich konnte nun einen ganz gro\u00dfen Schritt Richtung Sieg machen. Das Spiel gegen Truberg sollte recht knapp ausgehen. 12:10, 11:8, 11:9. Alles knappe S\u00e4tze. 6:2 f\u00fcr uns. Nun musste Patrick wieder ran. Und wie schon im ersten Einzel konnte er auch sein Zweites souver\u00e4n mit 3:0 gewinnen. Am Ende ein 7:2 f\u00fcr uns und die Tabellenf\u00fchrung ist uns nun nicht mehr zu nehmen. Am 13. Dezember steht das letzte Spiel in Gr\u00f6nau noch an, dann ist erst mal &#8222;Winterpause&#8220;.<\/p>\n<p>Andi<\/p>\n","protected":false},"excerpt":{"rendered":"<p>Die Vierte hat es gestern Abend geschafft, wir sind Herbstmeister. Es ging gegen den Viertletzten, Badendorf. Der Gegner musste stark ersatzgeschw\u00e4cht ohne Nummer 1 &amp; 2 antreten, was uns ganz stark in die Karten spielte. Wir mussten weiterhin auf Konstantin verzichten, daf\u00fcr sollte eigentlich Thomas spielen. Doch Thomas fiel krankheitsbedingt aus, sodass zum Gl\u00fcck Ingo in der Halle war und kurzfristig einsprang. Doppel dann wieder Knud mit Patrick und ich<\/p>\n","protected":false},"author":14,"featured_media":0,"comment_status":"open","ping_status":"closed","sticky":false,"template":"","format":"standard","meta":{"footnotes":""},"categories":[1],"tags":[],"class_list":["post-5528","post","type-post","status-publish","format-standard","hentry","category-allgemein"],"_links":{"self":[{"href":"https:\/\/www.vfl-badschwartau-tt.de\/index.php?rest_route=\/wp\/v2\/posts\/5528","targetHints":{"allow":["GET"]}}],"collection":[{"href":"https:\/\/www.vfl-badschwartau-tt.de\/index.php?rest_route=\/wp\/v2\/posts"}],"about":[{"href":"https:\/\/www.vfl-badschwartau-tt.de\/index.php?rest_route=\/wp\/v2\/types\/post"}],"author":[{"embeddable":true,"href":"https:\/\/www.vfl-badschwartau-tt.de\/index.php?rest_route=\/wp\/v2\/users\/14"}],"replies":[{"embeddable":true,"href":"https:\/\/www.vfl-badschwartau-tt.de\/index.php?rest_route=%2Fwp%2Fv2%2Fcomments&post=5528"}],"version-history":[{"count":1,"href":"https:\/\/www.vfl-badschwartau-tt.de\/index.php?rest_route=\/wp\/v2\/posts\/5528\/revisions"}],"predecessor-version":[{"id":5529,"href":"https:\/\/www.vfl-badschwartau-tt.de\/index.php?rest_route=\/wp\/v2\/posts\/5528\/revisions\/5529"}],"wp:attachment":[{"href":"https:\/\/www.vfl-badschwartau-tt.de\/index.php?rest_route=%2Fwp%2Fv2%2Fmedia&parent=5528"}],"wp:term":[{"taxonomy":"category","embeddable":true,"href":"https:\/\/www.vfl-badschwartau-tt.de\/index.php?rest_route=%2Fwp%2Fv2%2Fcategories&post=5528"},{"taxonomy":"post_tag","embeddable":true,"href":"https:\/\/www.vfl-badschwartau-tt.de\/index.php?rest_route=%2Fwp%2Fv2%2Ftags&post=5528"}],"curies":[{"name":"wp","href":"https:\/\/api.w.org\/{rel}","templated":true}]}}