{"id":5533,"date":"2022-12-14T10:23:10","date_gmt":"2022-12-14T09:23:10","guid":{"rendered":"https:\/\/www.vfl-badschwartau-tt.de\/?p=5533"},"modified":"2022-12-14T10:23:10","modified_gmt":"2022-12-14T09:23:10","slug":"etwaszu-frueh-gefreut","status":"publish","type":"post","link":"https:\/\/www.vfl-badschwartau-tt.de\/?p=5533","title":{"rendered":"(Etwas)zu fr\u00fch gefreut &#8230;"},"content":{"rendered":"<p>Etwas \u00fcberraschend und f\u00fcr uns selber auch unerwartet haben wir doch noch die schon sicher geglaubte Herbstmeisterschaft knapp verpasst. Punktgleich und in der &#8222;Tordifferenz&#8220; um mickrige 2 P\u00fcnktchen besser m\u00fcssen wir nun Sereetz den Vortritt lassen. Resultierend aus unseren zwei deutlichen Niederlagen gegen Herrnburg und gestern Abend in Gr\u00f6nau und einem sehr hohen 7:1 Sieg von Sereetz \u00fcber Gr\u00f6nau haben wir Platz 1 noch knapp &#8222;verspielt&#8220;. Das ist sehr \u00e4rgerlich und bitter zugleich. Aber es reift auch die Erkenntnis, dass wir ohne Knud (der in diesen zwei Spielen fehlte) und Martin (schon l\u00e4nger au\u00dfer Gefecht) im 2. Kreis nicht viel gewinnen.<\/p>\n<p>Das gestrige Spiel in Gr\u00f6nau ist schnell erz\u00e4hlt. Leider brach uns Knud sehr kurzfristig wegen Krankheit weg. Da die F\u00fcnfte parallel auch ein sehr wichtiges Spiel hatte (gegen direkten Konkurrenten TUS, 7:5 gewonnen) musste Ersatz aus der 6.\/7. Herren her. Straati sprang dann netterweise ein. Wieder mit dabei, nach l\u00e4ngerem Corona Ausfall, war Konstantin. Doppel dann Patrick\/Straati und Konstantin mit mir. Schon zu Anfang sollten wir einen &#8222;taktischen&#8220; Fehler begehen. Statt mich und Konstantin gegen das vermeintlich leicht schw\u00e4chere Doppel zu setzen entschied der K\u00e4ptn uns gegen das starke Doppel Somrau\/Hadenfeld spielen zu lassen. Das zweitst\u00e4rkste Doppel der Liga. Martin spekulierte wohl auf m\u00f6gliche Abschlussdoppel und das dann unser Doppel zuerst z\u00e4hlen w\u00fcrde. Dazu sollte es jedoch gar nicht mehr kommen.<\/p>\n<p>Patrick und Straati verloren erwartungsgem\u00e4\u00df in 3:1 S\u00e4tzen, verspielten wir eine sichere 8:4 F\u00fchrung im Ersten um dann noch in der Verl\u00e4ngerung zu verlieren. Das war total unn\u00f6tig, dass wir uns eine 0:6 Serie leisteten. Am Ende, nach 0:2 und 2:2, knapp in F\u00fcnf verloren. Unsere erste Saisonniederlage. Statt eines m\u00f6glichen 1:1 nun also 0:2 nach Doppel. Das erste Mal in dieser Saison. Patrick verlor dann etwas ungl\u00fccklich in Vier gegen Mallach (2. und 4. Satz je 9:11), konnte ich nach einer sicheren 2:0 F\u00fchrung nur knapp 3:2 gegen Rettig gewinnen. 1:3 Gr\u00f6nau. Straati hat dann gegen Hadenfeldt gut mitgehalten und knapp verloren (2 S\u00e4tze 9:11 &amp; 10:12). H\u00e4tte auch f\u00fcr uns kommen k\u00f6nnen. Jetzt 1:4. Konstantin hat dann eine Wahnsinnsleistung gegen die &#8222;Antispielerin&#8220;, Somrau, hingelegt und in F\u00fcnf gewonnen. Leichte Hoffnung. Die wurde schnell zunichte gemacht durch meine etwas \u00fcberraschende Niederlage gegen Mallach. Ab dem 2. Satz hat er allerdings auch Offensiv alles getroffen und sogar &#8222;stundenlang&#8220; mitgeschupft. Ich hatte dann kein Mittel mehr gegen ihn. Auch Patrick musste eine Niederlage mit 1:3 gegen Rettig einstecken. Das Spiel war entschieden, 2:6. Zum Schluss tat sich Konstantin dann gegen den alten Fuchs Hadenfeldt sehr schwer und verlor schlie\u00dflich knapp in F\u00fcnf. In der H\u00f6he auch verdientes 7:2 f\u00fcr Gr\u00f6nau, einem Mittelfeldverein. Mit Knud h\u00e4tten wir wohl mindestens 6:6 gespielt oder gar gewonnen. Aber wie bereits erw\u00e4hnt, ohne ihn holen wir in der Liga nicht viel&#8230;Er alleine macht fast immer sicher 3 Punkte.<\/p>\n<p>Man darf auf die R\u00fcckserie gespannt sein. Nun ist an der Spitze ein Vierkampf aus Sereetz (zu 4), uns (zu 4), Stodo IV (zu 5) und Herrnburg (zu 6) entstanden. Hinter Martin bleibt ein gro\u00dfes ? wegen seinem Fu\u00df. F\u00e4llt er weiterhin aus und Knud spielt nicht jedes Spiel, werden wir wohl den Aufstieg noch verpassen.<\/p>\n<p>Ich w\u00fcnsche allen Aktiven unserer Abteilung sch\u00f6ne Weihnachten &amp; Guten Rutsch in 2023. Und eine erfolgreiche R\u00fcckserie.<\/p>\n<p>Gru\u00df, Andi<\/p>\n","protected":false},"excerpt":{"rendered":"<p>Etwas \u00fcberraschend und f\u00fcr uns selber auch unerwartet haben wir doch noch die schon sicher geglaubte Herbstmeisterschaft knapp verpasst. Punktgleich und in der &#8222;Tordifferenz&#8220; um mickrige 2 P\u00fcnktchen besser m\u00fcssen wir nun Sereetz den Vortritt lassen. Resultierend aus unseren zwei deutlichen Niederlagen gegen Herrnburg und gestern Abend in Gr\u00f6nau und einem sehr hohen 7:1 Sieg von Sereetz \u00fcber Gr\u00f6nau haben wir Platz 1 noch knapp &#8222;verspielt&#8220;. Das ist sehr \u00e4rgerlich<\/p>\n","protected":false},"author":14,"featured_media":0,"comment_status":"open","ping_status":"closed","sticky":false,"template":"","format":"standard","meta":{"footnotes":""},"categories":[1],"tags":[],"class_list":["post-5533","post","type-post","status-publish","format-standard","hentry","category-allgemein"],"_links":{"self":[{"href":"https:\/\/www.vfl-badschwartau-tt.de\/index.php?rest_route=\/wp\/v2\/posts\/5533","targetHints":{"allow":["GET"]}}],"collection":[{"href":"https:\/\/www.vfl-badschwartau-tt.de\/index.php?rest_route=\/wp\/v2\/posts"}],"about":[{"href":"https:\/\/www.vfl-badschwartau-tt.de\/index.php?rest_route=\/wp\/v2\/types\/post"}],"author":[{"embeddable":true,"href":"https:\/\/www.vfl-badschwartau-tt.de\/index.php?rest_route=\/wp\/v2\/users\/14"}],"replies":[{"embeddable":true,"href":"https:\/\/www.vfl-badschwartau-tt.de\/index.php?rest_route=%2Fwp%2Fv2%2Fcomments&post=5533"}],"version-history":[{"count":1,"href":"https:\/\/www.vfl-badschwartau-tt.de\/index.php?rest_route=\/wp\/v2\/posts\/5533\/revisions"}],"predecessor-version":[{"id":5534,"href":"https:\/\/www.vfl-badschwartau-tt.de\/index.php?rest_route=\/wp\/v2\/posts\/5533\/revisions\/5534"}],"wp:attachment":[{"href":"https:\/\/www.vfl-badschwartau-tt.de\/index.php?rest_route=%2Fwp%2Fv2%2Fmedia&parent=5533"}],"wp:term":[{"taxonomy":"category","embeddable":true,"href":"https:\/\/www.vfl-badschwartau-tt.de\/index.php?rest_route=%2Fwp%2Fv2%2Fcategories&post=5533"},{"taxonomy":"post_tag","embeddable":true,"href":"https:\/\/www.vfl-badschwartau-tt.de\/index.php?rest_route=%2Fwp%2Fv2%2Ftags&post=5533"}],"curies":[{"name":"wp","href":"https:\/\/api.w.org\/{rel}","templated":true}]}}