{"id":5539,"date":"2023-01-21T18:17:10","date_gmt":"2023-01-21T17:17:10","guid":{"rendered":"https:\/\/www.vfl-badschwartau-tt.de\/?p=5539"},"modified":"2023-01-21T18:17:10","modified_gmt":"2023-01-21T17:17:10","slug":"sehr-dominanter-rueckrundenauftakt","status":"publish","type":"post","link":"https:\/\/www.vfl-badschwartau-tt.de\/?p=5539","title":{"rendered":"sehr dominanter R\u00fcckrundenauftakt"},"content":{"rendered":"<p>Die R\u00fcckrunde im 2. Kreis begann bereits am Montag mit dem Stodo Derby. Am Ende hat die Vierte mit 7:3 gewonnen und hat uns von Platz zwei verdr\u00e4ngt. Wir nun also nicht mehr auf einem Aufstiegsplatz. Den wollten wir uns gestern im Heimspiel gegen den Vorletzten, TUS, zur\u00fcckerobern. Wir waren jedoch durch das sehr knappe 7:5 im Hinspiel gewarnt.<\/p>\n<p>Wir spielten wieder mit Knud und erneut ohne Martin (wird wahrscheinlich die R\u00fcckrunde ausfallen bzw. noch etwas l\u00e4nger fehlen). Doppel sind wir gleich souver\u00e4n mit jeweils 3:0 S\u00e4tzen und 2:0 gestartet. Wichtiger Auftakt. Knud dann gegen Kowalik, der noch in der Hinserie in derer Ersten im 1. Kreis gespielt hat, mit lockerem 2:0 Start. Dann aber pl\u00f6tzlich der Dritte weg und nur noch 2:1. Ich f\u00fchrte ebenfalls mit 2:0, konnte aber nur knapp gewinnen (8 und 9). Sicher war das nicht. Knud konnte sein Spiel dann mit 3:1 gewinnen und auch ich brachte das Spiel &#8222;nach Hause&#8220;. 4:0 F\u00fchrung f\u00fcr uns und mehr als die Vorentscheidung. Nun waren Konstantin und Patrick an der Reihe. Konstantin dann ebenfalls mit einem 3:0, jedoch zwei S\u00e4tz knapp zu 9. Patrick nun gegen den gleichen Gegner, gegen den er im Hinspiel 2:3 verlor. Jetzt wollte er Revanche nehmen. Dieses ist ihm sehr eindrucksvoll mit 3:0 gelungen. Ich f\u00fchrte dann im Anschluss ziemlich sicher 2:0, als das Spiel anfing zu kippen. Der Dritte ging verloren und auch im Vierten lag ich hinten. Und Knud verlor dann auch noch den ersten Satz &#8230; Er konnte jedoch das Spiel noch mit 3:1 f\u00fcr sich entscheiden und meins z\u00e4hlte nicht mehr. Vielleicht h\u00e4tte ich es noch verloren, wer wei\u00df.<\/p>\n<p>Am Ende ein klares 7:0 und 21:2 S\u00e4tze. Diese zwei S\u00e4tze verlor jeweils Knud, eigentlich m\u00fcsste er daf\u00fcr einen ausgeben f\u00fcr das Team\u00a0 <img decoding=\"async\" class=\"rHLoR\" src=\"https:\/\/encrypted-tbn0.gstatic.com\/images?q=tbn:ANd9GcSOdChb8_U7K_5UnTyLbTFrP825iRrXQzmuXyMW2OD_8ZbStTdRyZf4UDk&amp;usqp=CAU\" alt=\"\" width=\"29\" height=\"29\" data-iml=\"1852\" \/>. Kleiner Spa\u00df. Mit diesem klaren Sieg konnte man nicht unbedingt rechnen, wobei Knud vorher meinte das wir mit einem 7:0 sogar wieder Erster werden k\u00f6nnen. Und so ist es nun auch gekommen. Wir haben Sereetz die F\u00fchrung weggeschnappt. Knapper geht es allerdings auch nicht. Beide 16:4 Punkte, wir + 29 Spiele, Sereetz + 28 Spiele. Aber + 88:+ 73 S\u00e4tze spricht dann mehr f\u00fcr uns. Die Tabellenf\u00fchrung wird in den n\u00e4chsten Spielen wohl noch einige Male wechseln. Wenn Knud mal nicht spielen kann sieht es gleich deutlich anders aus f\u00fcr uns. Patrick dann &#8222;oben&#8220; plus mit Ersatz.<\/p>\n<p>Nun steht gleich Dienstag erst mal unser Derby an, die F\u00fcnfte ohne Ingo mit ganz starkem und wichtigen 7:5 gestern bei Badendorf. Mal sehen, wie spannend es Dienstag wirklich wird. Denn Knud kann auch da mitspielen.<\/p>\n<p>Andi<\/p>\n<p>&nbsp;<\/p>\n<p>&nbsp;<\/p>\n","protected":false},"excerpt":{"rendered":"<p>Die R\u00fcckrunde im 2. Kreis begann bereits am Montag mit dem Stodo Derby. Am Ende hat die Vierte mit 7:3 gewonnen und hat uns von Platz zwei verdr\u00e4ngt. Wir nun also nicht mehr auf einem Aufstiegsplatz. Den wollten wir uns gestern im Heimspiel gegen den Vorletzten, TUS, zur\u00fcckerobern. Wir waren jedoch durch das sehr knappe 7:5 im Hinspiel gewarnt. Wir spielten wieder mit Knud und erneut ohne Martin (wird wahrscheinlich<\/p>\n","protected":false},"author":14,"featured_media":0,"comment_status":"open","ping_status":"closed","sticky":false,"template":"","format":"standard","meta":{"footnotes":""},"categories":[1],"tags":[],"class_list":["post-5539","post","type-post","status-publish","format-standard","hentry","category-allgemein"],"_links":{"self":[{"href":"https:\/\/www.vfl-badschwartau-tt.de\/index.php?rest_route=\/wp\/v2\/posts\/5539","targetHints":{"allow":["GET"]}}],"collection":[{"href":"https:\/\/www.vfl-badschwartau-tt.de\/index.php?rest_route=\/wp\/v2\/posts"}],"about":[{"href":"https:\/\/www.vfl-badschwartau-tt.de\/index.php?rest_route=\/wp\/v2\/types\/post"}],"author":[{"embeddable":true,"href":"https:\/\/www.vfl-badschwartau-tt.de\/index.php?rest_route=\/wp\/v2\/users\/14"}],"replies":[{"embeddable":true,"href":"https:\/\/www.vfl-badschwartau-tt.de\/index.php?rest_route=%2Fwp%2Fv2%2Fcomments&post=5539"}],"version-history":[{"count":2,"href":"https:\/\/www.vfl-badschwartau-tt.de\/index.php?rest_route=\/wp\/v2\/posts\/5539\/revisions"}],"predecessor-version":[{"id":5541,"href":"https:\/\/www.vfl-badschwartau-tt.de\/index.php?rest_route=\/wp\/v2\/posts\/5539\/revisions\/5541"}],"wp:attachment":[{"href":"https:\/\/www.vfl-badschwartau-tt.de\/index.php?rest_route=%2Fwp%2Fv2%2Fmedia&parent=5539"}],"wp:term":[{"taxonomy":"category","embeddable":true,"href":"https:\/\/www.vfl-badschwartau-tt.de\/index.php?rest_route=%2Fwp%2Fv2%2Fcategories&post=5539"},{"taxonomy":"post_tag","embeddable":true,"href":"https:\/\/www.vfl-badschwartau-tt.de\/index.php?rest_route=%2Fwp%2Fv2%2Ftags&post=5539"}],"curies":[{"name":"wp","href":"https:\/\/api.w.org\/{rel}","templated":true}]}}