{"id":5558,"date":"2023-02-22T20:39:24","date_gmt":"2023-02-22T19:39:24","guid":{"rendered":"https:\/\/www.vfl-badschwartau-tt.de\/?p=5558"},"modified":"2023-02-22T20:39:24","modified_gmt":"2023-02-22T19:39:24","slug":"deutliche-niederlage-gegen-tabellenletzten","status":"publish","type":"post","link":"https:\/\/www.vfl-badschwartau-tt.de\/?p=5558","title":{"rendered":"deutliche Niederlage gegen Tabellenletzten"},"content":{"rendered":"<p>Am Montag mussten wir beim Tabellenletzten antreten, TuS L\u00fcbeck.<\/p>\n<p>Wir traten weiterhin ohne unsere Nr. 2, Ingo, an. TuS gegen\u00fcber dem Hinspiel diesmal mit fast kompletter Mannschaft.<\/p>\n<p>Heute taten wir uns alle schwer.<\/p>\n<p>Die Eingangsdoppel gingen beide an TuS, wobei Doppel Manthe\/Kuschnereit deutlich und Rogge\/R\u00f6hrs knapp verloren.<\/p>\n<p>Markus dann knapp im 5. verloren und Thomas etwas zu deutlich mit 3:0 weg. Vielleicht ein kleines Formtief bei Thomas. Im n\u00e4chsten Spiel wird besser.<\/p>\n<p>Raphael trotz Kampfes ebenfalls 3:0 verloren. Armin im 5 S\u00e4tzen gewonnen. Kleiner Lichtblick am Abend. F\u00fcr Armin erst der 2. Sieg in der R\u00fcckrunde.<\/p>\n<p>Am Ende muss man TuS gratulieren. Mit voller Mannschaft w\u00fcrden sie bestimmt besser dastehen. Nun geht&#8217;s n\u00e4chste Woche zum Sereetzer SV.<\/p>\n<p>Dort m\u00fcssen wir uns alle zusammenrei\u00dfen und konzentriert spielen.<\/p>\n<p>&nbsp;<\/p>\n<p>Armin<\/p>\n","protected":false},"excerpt":{"rendered":"<p>Am Montag mussten wir beim Tabellenletzten antreten, TuS L\u00fcbeck. Wir traten weiterhin ohne unsere Nr. 2, Ingo, an. TuS gegen\u00fcber dem Hinspiel diesmal mit fast kompletter Mannschaft. Heute taten wir uns alle schwer. Die Eingangsdoppel gingen beide an TuS, wobei Doppel Manthe\/Kuschnereit deutlich und Rogge\/R\u00f6hrs knapp verloren. Markus dann knapp im 5. verloren und Thomas etwas zu deutlich mit 3:0 weg. Vielleicht ein kleines Formtief bei Thomas. Im n\u00e4chsten Spiel<\/p>\n","protected":false},"author":920,"featured_media":0,"comment_status":"open","ping_status":"closed","sticky":false,"template":"","format":"standard","meta":{"footnotes":""},"categories":[12],"tags":[],"class_list":["post-5558","post","type-post","status-publish","format-standard","hentry","category-5-erwachsene"],"_links":{"self":[{"href":"https:\/\/www.vfl-badschwartau-tt.de\/index.php?rest_route=\/wp\/v2\/posts\/5558","targetHints":{"allow":["GET"]}}],"collection":[{"href":"https:\/\/www.vfl-badschwartau-tt.de\/index.php?rest_route=\/wp\/v2\/posts"}],"about":[{"href":"https:\/\/www.vfl-badschwartau-tt.de\/index.php?rest_route=\/wp\/v2\/types\/post"}],"author":[{"embeddable":true,"href":"https:\/\/www.vfl-badschwartau-tt.de\/index.php?rest_route=\/wp\/v2\/users\/920"}],"replies":[{"embeddable":true,"href":"https:\/\/www.vfl-badschwartau-tt.de\/index.php?rest_route=%2Fwp%2Fv2%2Fcomments&post=5558"}],"version-history":[{"count":1,"href":"https:\/\/www.vfl-badschwartau-tt.de\/index.php?rest_route=\/wp\/v2\/posts\/5558\/revisions"}],"predecessor-version":[{"id":5559,"href":"https:\/\/www.vfl-badschwartau-tt.de\/index.php?rest_route=\/wp\/v2\/posts\/5558\/revisions\/5559"}],"wp:attachment":[{"href":"https:\/\/www.vfl-badschwartau-tt.de\/index.php?rest_route=%2Fwp%2Fv2%2Fmedia&parent=5558"}],"wp:term":[{"taxonomy":"category","embeddable":true,"href":"https:\/\/www.vfl-badschwartau-tt.de\/index.php?rest_route=%2Fwp%2Fv2%2Fcategories&post=5558"},{"taxonomy":"post_tag","embeddable":true,"href":"https:\/\/www.vfl-badschwartau-tt.de\/index.php?rest_route=%2Fwp%2Fv2%2Ftags&post=5558"}],"curies":[{"name":"wp","href":"https:\/\/api.w.org\/{rel}","templated":true}]}}