{"id":5865,"date":"2024-06-08T13:44:42","date_gmt":"2024-06-08T11:44:42","guid":{"rendered":"https:\/\/www.vfl-badschwartau-tt.de\/?p=5865"},"modified":"2024-06-08T13:44:42","modified_gmt":"2024-06-08T11:44:42","slug":"tt-sommerfest-2024","status":"publish","type":"post","link":"https:\/\/www.vfl-badschwartau-tt.de\/?p=5865","title":{"rendered":"TT Sommerfest 2024"},"content":{"rendered":"<p>Das Sommerfest konnte im Restaurant Alina in Bad Schwartau stattfinden. \u00dcber ein halbes Jahr der Vorbereitung lag hinter der 1. Herren und es hatte sich gelohnt. 35 Mitglieder mit Anhang fanden sich ab 18 Uhr im neuen Wintergarten des Restaurants ein und die ersten Bestellungen gingen raus. In einer sehr angenehmen Atmosph\u00e4re wurde sich ausgetauscht, zusammen getrunken und gegessen. das sch\u00f6ne war, dass man sich auch mal mit ganz anderen Leuten unterhielt als sonst.<br \/>\nEssen klappte alles soweit, wobei so manch einer wohl dachte, es handelt sich um &#8222;all you can eat&#8220;. Nein liebe Herren, wir waren nicht beim Chinesen. \ud83d\ude42 Ein Lachsproblem l\u00f6ste der Chef sehr zuvorkommend und brachte noch ein paar edle St\u00fccke Fisch f\u00fcr die Damen des zweiten Tisches nach. Auch wenn das eine oder andere Bier h\u00e4tte schneller am Tisch sein k\u00f6nnen, wobei, mein Bier war immer rechtzeitig da, so wurde es ein langer und sch\u00f6ner Abend. Am Ende war es doch wieder 0:30 Uhr als die letzten leicht beschwipst und sehr gl\u00fccklich nach Hause trotteten.<br \/>\nAlles in allem eine runde Sache und wir bedanken uns f\u00fcr die vielen Komplimente. Es schreit fast nach einer Wiederholung, aber das entscheidet dann im n\u00e4chsten Jahr die zweite Herren.<br \/>\nMit besten Gr\u00fc\u00dfen,<br \/>\nLutz<\/p>\n\n\t\t<style type=\"text\/css\">\n\t\t\t#gallery-1 {\n\t\t\t\tmargin: auto;\n\t\t\t}\n\t\t\t#gallery-1 .gallery-item {\n\t\t\t\tfloat: left;\n\t\t\t\tmargin-top: 10px;\n\t\t\t\ttext-align: center;\n\t\t\t\twidth: 33%;\n\t\t\t}\n\t\t\t#gallery-1 img {\n\t\t\t\tborder: 2px solid #cfcfcf;\n\t\t\t}\n\t\t\t#gallery-1 .gallery-caption {\n\t\t\t\tmargin-left: 0;\n\t\t\t}\n\t\t\t\/* see gallery_shortcode() in wp-includes\/media.php *\/\n\t\t<\/style>\n\t\t<div id='gallery-1' class='gallery galleryid-5865 gallery-columns-3 gallery-size-thumbnail'><dl class='gallery-item'>\n\t\t\t<dt class='gallery-icon portrait'>\n\t\t\t\t<a href='https:\/\/www.vfl-badschwartau-tt.de\/?attachment_id=5875'><img decoding=\"async\" width=\"150\" height=\"150\" src=\"https:\/\/www.vfl-badschwartau-tt.de\/wp-content\/uploads\/2024\/06\/20240601_210412-150x150.jpg\" class=\"attachment-thumbnail size-thumbnail\" alt=\"\" srcset=\"https:\/\/www.vfl-badschwartau-tt.de\/wp-content\/uploads\/2024\/06\/20240601_210412-150x150.jpg 150w, https:\/\/www.vfl-badschwartau-tt.de\/wp-content\/uploads\/2024\/06\/20240601_210412-90x90.jpg 90w, https:\/\/www.vfl-badschwartau-tt.de\/wp-content\/uploads\/2024\/06\/20240601_210412-75x75.jpg 75w\" sizes=\"(max-width: 150px) 100vw, 150px\" \/><\/a>\n\t\t\t<\/dt><\/dl><dl class='gallery-item'>\n\t\t\t<dt class='gallery-icon landscape'>\n\t\t\t\t<a href='https:\/\/www.vfl-badschwartau-tt.de\/?attachment_id=5876'><img decoding=\"async\" width=\"150\" height=\"150\" src=\"https:\/\/www.vfl-badschwartau-tt.de\/wp-content\/uploads\/2024\/06\/20240601_210448-150x150.jpg\" class=\"attachment-thumbnail size-thumbnail\" alt=\"\" srcset=\"https:\/\/www.vfl-badschwartau-tt.de\/wp-content\/uploads\/2024\/06\/20240601_210448-150x150.jpg 150w, https:\/\/www.vfl-badschwartau-tt.de\/wp-content\/uploads\/2024\/06\/20240601_210448-90x90.jpg 90w, https:\/\/www.vfl-badschwartau-tt.de\/wp-content\/uploads\/2024\/06\/20240601_210448-75x75.jpg 75w\" sizes=\"(max-width: 150px) 100vw, 150px\" \/><\/a>\n\t\t\t<\/dt><\/dl><dl class='gallery-item'>\n\t\t\t<dt class='gallery-icon portrait'>\n\t\t\t\t<a href='https:\/\/www.vfl-badschwartau-tt.de\/?attachment_id=5874'><img decoding=\"async\" width=\"150\" height=\"150\" src=\"https:\/\/www.vfl-badschwartau-tt.de\/wp-content\/uploads\/2024\/06\/20240601_210404-150x150.jpg\" class=\"attachment-thumbnail size-thumbnail\" alt=\"\" srcset=\"https:\/\/www.vfl-badschwartau-tt.de\/wp-content\/uploads\/2024\/06\/20240601_210404-150x150.jpg 150w, https:\/\/www.vfl-badschwartau-tt.de\/wp-content\/uploads\/2024\/06\/20240601_210404-90x90.jpg 90w, https:\/\/www.vfl-badschwartau-tt.de\/wp-content\/uploads\/2024\/06\/20240601_210404-75x75.jpg 75w\" sizes=\"(max-width: 150px) 100vw, 150px\" \/><\/a>\n\t\t\t<\/dt><\/dl><br style=\"clear: both\" \/><dl class='gallery-item'>\n\t\t\t<dt class='gallery-icon landscape'>\n\t\t\t\t<a href='https:\/\/www.vfl-badschwartau-tt.de\/?attachment_id=5873'><img loading=\"lazy\" decoding=\"async\" width=\"150\" height=\"150\" src=\"https:\/\/www.vfl-badschwartau-tt.de\/wp-content\/uploads\/2024\/06\/20240601_210352-150x150.jpg\" class=\"attachment-thumbnail size-thumbnail\" alt=\"\" srcset=\"https:\/\/www.vfl-badschwartau-tt.de\/wp-content\/uploads\/2024\/06\/20240601_210352-150x150.jpg 150w, https:\/\/www.vfl-badschwartau-tt.de\/wp-content\/uploads\/2024\/06\/20240601_210352-90x90.jpg 90w, https:\/\/www.vfl-badschwartau-tt.de\/wp-content\/uploads\/2024\/06\/20240601_210352-75x75.jpg 75w\" sizes=\"(max-width: 150px) 100vw, 150px\" \/><\/a>\n\t\t\t<\/dt><\/dl><dl class='gallery-item'>\n\t\t\t<dt class='gallery-icon landscape'>\n\t\t\t\t<a href='https:\/\/www.vfl-badschwartau-tt.de\/?attachment_id=5872'><img loading=\"lazy\" decoding=\"async\" width=\"150\" height=\"150\" src=\"https:\/\/www.vfl-badschwartau-tt.de\/wp-content\/uploads\/2024\/06\/20240601_210345-150x150.jpg\" class=\"attachment-thumbnail size-thumbnail\" alt=\"\" srcset=\"https:\/\/www.vfl-badschwartau-tt.de\/wp-content\/uploads\/2024\/06\/20240601_210345-150x150.jpg 150w, https:\/\/www.vfl-badschwartau-tt.de\/wp-content\/uploads\/2024\/06\/20240601_210345-90x90.jpg 90w, https:\/\/www.vfl-badschwartau-tt.de\/wp-content\/uploads\/2024\/06\/20240601_210345-75x75.jpg 75w\" sizes=\"(max-width: 150px) 100vw, 150px\" \/><\/a>\n\t\t\t<\/dt><\/dl><dl class='gallery-item'>\n\t\t\t<dt class='gallery-icon portrait'>\n\t\t\t\t<a href='https:\/\/www.vfl-badschwartau-tt.de\/?attachment_id=5870'><img loading=\"lazy\" decoding=\"async\" width=\"150\" height=\"150\" src=\"https:\/\/www.vfl-badschwartau-tt.de\/wp-content\/uploads\/2024\/06\/20240601_190229-150x150.jpg\" class=\"attachment-thumbnail size-thumbnail\" alt=\"\" srcset=\"https:\/\/www.vfl-badschwartau-tt.de\/wp-content\/uploads\/2024\/06\/20240601_190229-150x150.jpg 150w, https:\/\/www.vfl-badschwartau-tt.de\/wp-content\/uploads\/2024\/06\/20240601_190229-90x90.jpg 90w, https:\/\/www.vfl-badschwartau-tt.de\/wp-content\/uploads\/2024\/06\/20240601_190229-75x75.jpg 75w\" sizes=\"(max-width: 150px) 100vw, 150px\" \/><\/a>\n\t\t\t<\/dt><\/dl><br style=\"clear: both\" \/><dl class='gallery-item'>\n\t\t\t<dt class='gallery-icon landscape'>\n\t\t\t\t<a href='https:\/\/www.vfl-badschwartau-tt.de\/?attachment_id=5871'><img loading=\"lazy\" decoding=\"async\" width=\"150\" height=\"150\" src=\"https:\/\/www.vfl-badschwartau-tt.de\/wp-content\/uploads\/2024\/06\/20240601_190238-150x150.jpg\" class=\"attachment-thumbnail size-thumbnail\" alt=\"\" srcset=\"https:\/\/www.vfl-badschwartau-tt.de\/wp-content\/uploads\/2024\/06\/20240601_190238-150x150.jpg 150w, https:\/\/www.vfl-badschwartau-tt.de\/wp-content\/uploads\/2024\/06\/20240601_190238-90x90.jpg 90w, https:\/\/www.vfl-badschwartau-tt.de\/wp-content\/uploads\/2024\/06\/20240601_190238-75x75.jpg 75w\" sizes=\"(max-width: 150px) 100vw, 150px\" \/><\/a>\n\t\t\t<\/dt><\/dl><dl class='gallery-item'>\n\t\t\t<dt class='gallery-icon portrait'>\n\t\t\t\t<a href='https:\/\/www.vfl-badschwartau-tt.de\/?attachment_id=5877'><img loading=\"lazy\" decoding=\"async\" width=\"150\" height=\"150\" src=\"https:\/\/www.vfl-badschwartau-tt.de\/wp-content\/uploads\/2024\/06\/20240601_210508-150x150.jpg\" class=\"attachment-thumbnail size-thumbnail\" alt=\"\" srcset=\"https:\/\/www.vfl-badschwartau-tt.de\/wp-content\/uploads\/2024\/06\/20240601_210508-150x150.jpg 150w, https:\/\/www.vfl-badschwartau-tt.de\/wp-content\/uploads\/2024\/06\/20240601_210508-90x90.jpg 90w, https:\/\/www.vfl-badschwartau-tt.de\/wp-content\/uploads\/2024\/06\/20240601_210508-75x75.jpg 75w\" sizes=\"(max-width: 150px) 100vw, 150px\" \/><\/a>\n\t\t\t<\/dt><\/dl><dl class='gallery-item'>\n\t\t\t<dt class='gallery-icon portrait'>\n\t\t\t\t<a href='https:\/\/www.vfl-badschwartau-tt.de\/?attachment_id=5878'><img loading=\"lazy\" decoding=\"async\" width=\"150\" height=\"150\" src=\"https:\/\/www.vfl-badschwartau-tt.de\/wp-content\/uploads\/2024\/06\/20240602_010452-150x150.jpg\" class=\"attachment-thumbnail size-thumbnail\" alt=\"\" srcset=\"https:\/\/www.vfl-badschwartau-tt.de\/wp-content\/uploads\/2024\/06\/20240602_010452-150x150.jpg 150w, https:\/\/www.vfl-badschwartau-tt.de\/wp-content\/uploads\/2024\/06\/20240602_010452-90x90.jpg 90w, https:\/\/www.vfl-badschwartau-tt.de\/wp-content\/uploads\/2024\/06\/20240602_010452-75x75.jpg 75w\" sizes=\"(max-width: 150px) 100vw, 150px\" \/><\/a>\n\t\t\t<\/dt><\/dl><br style=\"clear: both\" \/>\n\t\t<\/div>\n\n","protected":false},"excerpt":{"rendered":"<p>Das Sommerfest konnte im Restaurant Alina in Bad Schwartau stattfinden. \u00dcber ein halbes Jahr der Vorbereitung lag hinter der 1. Herren und es hatte sich gelohnt. 35 Mitglieder mit Anhang fanden sich ab 18 Uhr im neuen Wintergarten des Restaurants ein und die ersten Bestellungen gingen raus. In einer sehr angenehmen Atmosph\u00e4re wurde sich ausgetauscht, zusammen getrunken und gegessen. das sch\u00f6ne war, dass man sich auch mal mit ganz anderen<\/p>\n","protected":false},"author":3,"featured_media":0,"comment_status":"open","ping_status":"closed","sticky":false,"template":"","format":"standard","meta":{"footnotes":""},"categories":[1],"tags":[],"class_list":["post-5865","post","type-post","status-publish","format-standard","hentry","category-allgemein"],"_links":{"self":[{"href":"https:\/\/www.vfl-badschwartau-tt.de\/index.php?rest_route=\/wp\/v2\/posts\/5865","targetHints":{"allow":["GET"]}}],"collection":[{"href":"https:\/\/www.vfl-badschwartau-tt.de\/index.php?rest_route=\/wp\/v2\/posts"}],"about":[{"href":"https:\/\/www.vfl-badschwartau-tt.de\/index.php?rest_route=\/wp\/v2\/types\/post"}],"author":[{"embeddable":true,"href":"https:\/\/www.vfl-badschwartau-tt.de\/index.php?rest_route=\/wp\/v2\/users\/3"}],"replies":[{"embeddable":true,"href":"https:\/\/www.vfl-badschwartau-tt.de\/index.php?rest_route=%2Fwp%2Fv2%2Fcomments&post=5865"}],"version-history":[{"count":5,"href":"https:\/\/www.vfl-badschwartau-tt.de\/index.php?rest_route=\/wp\/v2\/posts\/5865\/revisions"}],"predecessor-version":[{"id":5879,"href":"https:\/\/www.vfl-badschwartau-tt.de\/index.php?rest_route=\/wp\/v2\/posts\/5865\/revisions\/5879"}],"wp:attachment":[{"href":"https:\/\/www.vfl-badschwartau-tt.de\/index.php?rest_route=%2Fwp%2Fv2%2Fmedia&parent=5865"}],"wp:term":[{"taxonomy":"category","embeddable":true,"href":"https:\/\/www.vfl-badschwartau-tt.de\/index.php?rest_route=%2Fwp%2Fv2%2Fcategories&post=5865"},{"taxonomy":"post_tag","embeddable":true,"href":"https:\/\/www.vfl-badschwartau-tt.de\/index.php?rest_route=%2Fwp%2Fv2%2Ftags&post=5865"}],"curies":[{"name":"wp","href":"https:\/\/api.w.org\/{rel}","templated":true}]}}