{"id":6241,"date":"2025-06-12T11:13:48","date_gmt":"2025-06-12T09:13:48","guid":{"rendered":"https:\/\/www.vfl-badschwartau-tt.de\/?p=6241"},"modified":"2025-06-12T11:13:48","modified_gmt":"2025-06-12T09:13:48","slug":"tt-finals-erfurt-2025","status":"publish","type":"post","link":"https:\/\/www.vfl-badschwartau-tt.de\/?p=6241","title":{"rendered":"TT-Finals Erfurt 2025"},"content":{"rendered":"<p>Vom 06.06. bis 09.06.2025 fanden zum 2. Mal die Tischtennis-Finals in Erfurt statt. Nach Angaben des Veranstalters das gr\u00f6\u00dfte Tischtennisfest Europas. An diesem Pfingstwochenende k\u00e4mpften rund 1000 Spielerinnen und Spieler an 72 Tischen in folgenden Wettkampfklassen: Jugend 15, Jugend 19, Leistungsklassen A\/B\/C, Senioren und die Deutschen Meisterschaften der Damen und Herren.<br \/>\nAls langj\u00e4hriges Mitglied des VFL Bad Schwartau war ich bei den Seniorenwettk\u00e4mpfen mittendrin und live dabei. Hierbei musste ich mich \u00fcber die Meisterschaften in Schleswig-Holstein und Norddeutschland aber erst qualifizieren.<br \/>\nSchon das war f\u00fcr mich ein Erfolg.<br \/>\nIn Erfurt selbst lief es dann aber f\u00fcr mich leider schlecht; sehr starke Gruppe im Einzel, eine schwache Partnerin im Mixed und im Doppel wurden wir nach drei Stunden Wartezeit \u201ekalt\u201c erwischt.<br \/>\nTrotzdem werde ich das Event in guter Erinnerung behalten. Ich habe viele nette Gespr\u00e4che mit alten Weggef\u00e4hrten gef\u00fchrt. Au\u00dferdem ist Erfurt eine wundersch\u00f6ne Stadt mit sehr vielen historischen Geb\u00e4uden und vielen Sehensw\u00fcrdigkeiten.<br \/>\nErfurt ist auch ohne Tischtennis immer eine Reise wert und unbedingt zu empfehlen.<\/p>\n<p>Heinz-Werner \u00d6streich<\/p>\n\n\t\t<style type=\"text\/css\">\n\t\t\t#gallery-1 {\n\t\t\t\tmargin: auto;\n\t\t\t}\n\t\t\t#gallery-1 .gallery-item {\n\t\t\t\tfloat: left;\n\t\t\t\tmargin-top: 10px;\n\t\t\t\ttext-align: center;\n\t\t\t\twidth: 33%;\n\t\t\t}\n\t\t\t#gallery-1 img {\n\t\t\t\tborder: 2px solid #cfcfcf;\n\t\t\t}\n\t\t\t#gallery-1 .gallery-caption {\n\t\t\t\tmargin-left: 0;\n\t\t\t}\n\t\t\t\/* see gallery_shortcode() in wp-includes\/media.php *\/\n\t\t<\/style>\n\t\t<div id='gallery-1' class='gallery galleryid-6241 gallery-columns-3 gallery-size-thumbnail'><dl class='gallery-item'>\n\t\t\t<dt class='gallery-icon landscape'>\n\t\t\t\t<a href='https:\/\/www.vfl-badschwartau-tt.de\/?attachment_id=6237'><img decoding=\"async\" width=\"150\" height=\"150\" src=\"https:\/\/www.vfl-badschwartau-tt.de\/wp-content\/uploads\/2025\/06\/IMG-20250611-WA0010-150x150.jpg\" class=\"attachment-thumbnail size-thumbnail\" alt=\"\" srcset=\"https:\/\/www.vfl-badschwartau-tt.de\/wp-content\/uploads\/2025\/06\/IMG-20250611-WA0010-150x150.jpg 150w, https:\/\/www.vfl-badschwartau-tt.de\/wp-content\/uploads\/2025\/06\/IMG-20250611-WA0010-90x90.jpg 90w, https:\/\/www.vfl-badschwartau-tt.de\/wp-content\/uploads\/2025\/06\/IMG-20250611-WA0010-75x75.jpg 75w\" sizes=\"(max-width: 150px) 100vw, 150px\" \/><\/a>\n\t\t\t<\/dt><\/dl><dl class='gallery-item'>\n\t\t\t<dt class='gallery-icon landscape'>\n\t\t\t\t<a href='https:\/\/www.vfl-badschwartau-tt.de\/?attachment_id=6238'><img decoding=\"async\" width=\"150\" height=\"150\" src=\"https:\/\/www.vfl-badschwartau-tt.de\/wp-content\/uploads\/2025\/06\/IMG-20250611-WA0004-150x150.jpg\" class=\"attachment-thumbnail size-thumbnail\" alt=\"\" srcset=\"https:\/\/www.vfl-badschwartau-tt.de\/wp-content\/uploads\/2025\/06\/IMG-20250611-WA0004-150x150.jpg 150w, https:\/\/www.vfl-badschwartau-tt.de\/wp-content\/uploads\/2025\/06\/IMG-20250611-WA0004-90x90.jpg 90w, https:\/\/www.vfl-badschwartau-tt.de\/wp-content\/uploads\/2025\/06\/IMG-20250611-WA0004-75x75.jpg 75w\" sizes=\"(max-width: 150px) 100vw, 150px\" \/><\/a>\n\t\t\t<\/dt><\/dl><dl class='gallery-item'>\n\t\t\t<dt class='gallery-icon landscape'>\n\t\t\t\t<a href='https:\/\/www.vfl-badschwartau-tt.de\/?attachment_id=6243'><img decoding=\"async\" width=\"150\" height=\"150\" src=\"https:\/\/www.vfl-badschwartau-tt.de\/wp-content\/uploads\/2025\/06\/IMG-20250611-WA0005-150x150.jpg\" class=\"attachment-thumbnail size-thumbnail\" alt=\"\" srcset=\"https:\/\/www.vfl-badschwartau-tt.de\/wp-content\/uploads\/2025\/06\/IMG-20250611-WA0005-150x150.jpg 150w, https:\/\/www.vfl-badschwartau-tt.de\/wp-content\/uploads\/2025\/06\/IMG-20250611-WA0005-90x90.jpg 90w, https:\/\/www.vfl-badschwartau-tt.de\/wp-content\/uploads\/2025\/06\/IMG-20250611-WA0005-75x75.jpg 75w\" sizes=\"(max-width: 150px) 100vw, 150px\" \/><\/a>\n\t\t\t<\/dt><\/dl><br style=\"clear: both\" \/><dl class='gallery-item'>\n\t\t\t<dt class='gallery-icon landscape'>\n\t\t\t\t<a href='https:\/\/www.vfl-badschwartau-tt.de\/?attachment_id=6240'><img loading=\"lazy\" decoding=\"async\" width=\"150\" height=\"150\" src=\"https:\/\/www.vfl-badschwartau-tt.de\/wp-content\/uploads\/2025\/06\/IMG-20250611-WA0007-150x150.jpg\" class=\"attachment-thumbnail size-thumbnail\" alt=\"\" srcset=\"https:\/\/www.vfl-badschwartau-tt.de\/wp-content\/uploads\/2025\/06\/IMG-20250611-WA0007-150x150.jpg 150w, https:\/\/www.vfl-badschwartau-tt.de\/wp-content\/uploads\/2025\/06\/IMG-20250611-WA0007-90x90.jpg 90w, https:\/\/www.vfl-badschwartau-tt.de\/wp-content\/uploads\/2025\/06\/IMG-20250611-WA0007-75x75.jpg 75w\" sizes=\"(max-width: 150px) 100vw, 150px\" \/><\/a>\n\t\t\t<\/dt><\/dl><dl class='gallery-item'>\n\t\t\t<dt class='gallery-icon landscape'>\n\t\t\t\t<a href='https:\/\/www.vfl-badschwartau-tt.de\/?attachment_id=6244'><img loading=\"lazy\" decoding=\"async\" width=\"150\" height=\"150\" src=\"https:\/\/www.vfl-badschwartau-tt.de\/wp-content\/uploads\/2025\/06\/IMG-20250611-WA0008-150x150.jpg\" class=\"attachment-thumbnail size-thumbnail\" alt=\"\" srcset=\"https:\/\/www.vfl-badschwartau-tt.de\/wp-content\/uploads\/2025\/06\/IMG-20250611-WA0008-150x150.jpg 150w, https:\/\/www.vfl-badschwartau-tt.de\/wp-content\/uploads\/2025\/06\/IMG-20250611-WA0008-90x90.jpg 90w, https:\/\/www.vfl-badschwartau-tt.de\/wp-content\/uploads\/2025\/06\/IMG-20250611-WA0008-75x75.jpg 75w\" sizes=\"(max-width: 150px) 100vw, 150px\" \/><\/a>\n\t\t\t<\/dt><\/dl><dl class='gallery-item'>\n\t\t\t<dt class='gallery-icon landscape'>\n\t\t\t\t<a href='https:\/\/www.vfl-badschwartau-tt.de\/?attachment_id=6239'><img loading=\"lazy\" decoding=\"async\" width=\"150\" height=\"150\" src=\"https:\/\/www.vfl-badschwartau-tt.de\/wp-content\/uploads\/2025\/06\/IMG-20250611-WA0006-150x150.jpg\" class=\"attachment-thumbnail size-thumbnail\" alt=\"\" srcset=\"https:\/\/www.vfl-badschwartau-tt.de\/wp-content\/uploads\/2025\/06\/IMG-20250611-WA0006-150x150.jpg 150w, https:\/\/www.vfl-badschwartau-tt.de\/wp-content\/uploads\/2025\/06\/IMG-20250611-WA0006-90x90.jpg 90w, https:\/\/www.vfl-badschwartau-tt.de\/wp-content\/uploads\/2025\/06\/IMG-20250611-WA0006-75x75.jpg 75w\" sizes=\"(max-width: 150px) 100vw, 150px\" \/><\/a>\n\t\t\t<\/dt><\/dl><br style=\"clear: both\" \/>\n\t\t<\/div>\n\n","protected":false},"excerpt":{"rendered":"<p>Vom 06.06. bis 09.06.2025 fanden zum 2. Mal die Tischtennis-Finals in Erfurt statt. Nach Angaben des Veranstalters das gr\u00f6\u00dfte Tischtennisfest Europas. An diesem Pfingstwochenende k\u00e4mpften rund 1000 Spielerinnen und Spieler an 72 Tischen in folgenden Wettkampfklassen: Jugend 15, Jugend 19, Leistungsklassen A\/B\/C, Senioren und die Deutschen Meisterschaften der Damen und Herren. Als langj\u00e4hriges Mitglied des VFL Bad Schwartau war ich bei den Seniorenwettk\u00e4mpfen mittendrin und live dabei. Hierbei musste ich<\/p>\n","protected":false},"author":3,"featured_media":0,"comment_status":"open","ping_status":"closed","sticky":false,"template":"","format":"standard","meta":{"footnotes":""},"categories":[17,1],"tags":[],"class_list":["post-6241","post","type-post","status-publish","format-standard","hentry","category-ranglisten-und-meisterschaften","category-allgemein"],"_links":{"self":[{"href":"https:\/\/www.vfl-badschwartau-tt.de\/index.php?rest_route=\/wp\/v2\/posts\/6241","targetHints":{"allow":["GET"]}}],"collection":[{"href":"https:\/\/www.vfl-badschwartau-tt.de\/index.php?rest_route=\/wp\/v2\/posts"}],"about":[{"href":"https:\/\/www.vfl-badschwartau-tt.de\/index.php?rest_route=\/wp\/v2\/types\/post"}],"author":[{"embeddable":true,"href":"https:\/\/www.vfl-badschwartau-tt.de\/index.php?rest_route=\/wp\/v2\/users\/3"}],"replies":[{"embeddable":true,"href":"https:\/\/www.vfl-badschwartau-tt.de\/index.php?rest_route=%2Fwp%2Fv2%2Fcomments&post=6241"}],"version-history":[{"count":2,"href":"https:\/\/www.vfl-badschwartau-tt.de\/index.php?rest_route=\/wp\/v2\/posts\/6241\/revisions"}],"predecessor-version":[{"id":6245,"href":"https:\/\/www.vfl-badschwartau-tt.de\/index.php?rest_route=\/wp\/v2\/posts\/6241\/revisions\/6245"}],"wp:attachment":[{"href":"https:\/\/www.vfl-badschwartau-tt.de\/index.php?rest_route=%2Fwp%2Fv2%2Fmedia&parent=6241"}],"wp:term":[{"taxonomy":"category","embeddable":true,"href":"https:\/\/www.vfl-badschwartau-tt.de\/index.php?rest_route=%2Fwp%2Fv2%2Fcategories&post=6241"},{"taxonomy":"post_tag","embeddable":true,"href":"https:\/\/www.vfl-badschwartau-tt.de\/index.php?rest_route=%2Fwp%2Fv2%2Ftags&post=6241"}],"curies":[{"name":"wp","href":"https:\/\/api.w.org\/{rel}","templated":true}]}}